{"id":2017,"date":"2019-12-06T12:27:20","date_gmt":"2019-12-06T12:27:20","guid":{"rendered":"https:\/\/www.anticotiroavolo.com\/?p=2017"},"modified":"2022-05-26T12:42:51","modified_gmt":"2022-05-26T12:42:51","slug":"mara-carfagna-italia-ha-bisogno-competenza-donne","status":"publish","type":"post","link":"https:\/\/www.anticotiroavolo.com\/en\/post\/comunicati-stampa\/mara-carfagna-italia-ha-bisogno-competenza-donne\/","title":{"rendered":"Mara Carfagna: &#8220;L&#8217;Italia ha bisogno della competenza delle donne&#8221;"},"content":{"rendered":"\n<figure class=\"wp-block-image size-full\"><img fetchpriority=\"high\" decoding=\"async\" width=\"1024\" height=\"410\" src=\"https:\/\/www.anticotiroavolo.com\/wp-content\/uploads\/2022\/05\/Costanza-Crescimbeni-e-Mara-Carfagna-1024x410-1.jpg\" alt=\"\" class=\"wp-image-7768\" srcset=\"https:\/\/www.anticotiroavolo.com\/wp-content\/uploads\/2022\/05\/Costanza-Crescimbeni-e-Mara-Carfagna-1024x410-1.jpg 1024w, https:\/\/www.anticotiroavolo.com\/wp-content\/uploads\/2022\/05\/Costanza-Crescimbeni-e-Mara-Carfagna-1024x410-1-300x120.jpg 300w, https:\/\/www.anticotiroavolo.com\/wp-content\/uploads\/2022\/05\/Costanza-Crescimbeni-e-Mara-Carfagna-1024x410-1-768x308.jpg 768w, https:\/\/www.anticotiroavolo.com\/wp-content\/uploads\/2022\/05\/Costanza-Crescimbeni-e-Mara-Carfagna-1024x410-1-600x240.jpg 600w\" sizes=\"(max-width: 1024px) 100vw, 1024px\" \/><figcaption>Costanza Crescimbeni e Mara Carfagna<\/figcaption><\/figure>\n\n\n\n<p>&#8220;Oggi l&#8217;Italia non \u00e8 un Paese per donne, ma se vuole uscire dalla crisi ne ha estremo bisogno. \u00c8 anche una questione di convenienza: non possiamo privarci delle competenze delle donne, ogni donna che lasciamo a casa \u00e8 una risorsa persa\u201d. Questo il messaggio lanciato dalla vicepresidente della Camera dei Deputati, onorevole Mara Carfagna, in occasione dell\u2019incontro \u201cLa Donna nel contesto sociale\u201d Ieri sera al Circolo Antico Tiro a Volo. Si muove con piglio e destrezza sui suoi cavalli di battaglia, che mettono sempre al centro la donna, maltrattata, risorsa sprecata, entit\u00e0 solida. Non dimentica mai la sofferenza, quella della donna e della violenza che spesso le si usa, la storia di una cronaca che purtroppo continua a riempire le pagine dei quotidiani. Tanto \u00e8 stato fatto, dalla legge sullo stalking al suo emendamento sul ddl codice rosso.&nbsp;\u201cI dati sono impressionanti e allarmanti\u201d, le parole dell\u2019onorevole Carfagna. \u201cUna donna ogni tre giorni viene uccisa dalla persona che le \u00e8 accanto: \u00e8 un fenomeno che fa pi\u00f9 vittime della mafia. Ha ragione il Presidente Mattarella quando parla di questo problema come di una piaga che affligge la nostra societ\u00e0\u201d. Da sempre in prima linea nella lotta contro un triste fenomeno di tale portata, Mara Carfagna ha sottolineato l\u2019importanza di un forte segnale nei confronti dei giovani. \u201cLa lotta contro ogni forma di violenza sulle donne \u00e8 sempre stata una mia priorit\u00e0. Ora c&#8217;\u00e8 una battaglia da portare sui banchi di scuola: bisogna instillare nella mente dei bambini la cultura del rispetto\u201d. La difficolt\u00e0 di essere mogli, mamme e donne in carriera allo stesso tempo in un Paese troppo spesso ancorato ad una mentalit\u00e0 d\u2019altri tempi. \u201cSiamo davanti a un vero e proprio problema culturale, ecco perch\u00e9 c\u2019\u00e8 bisogno di un sistema di welfare che sostenga donne e mamme. Non sono amante degli incentivi ad hoc, ma bisogna imparare a condividere le responsabilit\u00e0 con il proprio nucleo familiare. Occorre ripensare il nostro sistema altrimenti le donne resteranno sempre ai margini; in quest\u2019ottica anche le quote rosa sono state un male necessario, un meccanismo per riequilibrare le differenze di genere\u201d. Una battaglia da condividere e, nonostante tutto, ricca di speranze. &#8220;Margaret Thatcher disse che mai nessuna donna sarebbe diventata primo ministro, 10 anni dopo il primo ministro era lei. Quello che sembra impossibile pu\u00f2 essere raggiunto con tenacia e determinazione&#8221;.<\/p>\n","protected":false},"excerpt":{"rendered":"<p>La vicepresidente della Camera dei Deputati all&#8217;Antico Tiro a Volo<\/p>\n","protected":false},"author":1,"featured_media":7768,"comment_status":"open","ping_status":"open","sticky":false,"template":"","format":"standard","meta":{"_jetpack_memberships_contains_paid_content":false,"footnotes":""},"categories":[80],"tags":[],"class_list":["post-2017","post","type-post","status-publish","format-standard","has-post-thumbnail","hentry","category-comunicati-stampa"],"jetpack_featured_media_url":"https:\/\/www.anticotiroavolo.com\/wp-content\/uploads\/2022\/05\/Costanza-Crescimbeni-e-Mara-Carfagna-1024x410-1.jpg","jetpack_sharing_enabled":true,"_links":{"self":[{"href":"https:\/\/www.anticotiroavolo.com\/en\/wp-json\/wp\/v2\/posts\/2017","targetHints":{"allow":["GET"]}}],"collection":[{"href":"https:\/\/www.anticotiroavolo.com\/en\/wp-json\/wp\/v2\/posts"}],"about":[{"href":"https:\/\/www.anticotiroavolo.com\/en\/wp-json\/wp\/v2\/types\/post"}],"author":[{"embeddable":true,"href":"https:\/\/www.anticotiroavolo.com\/en\/wp-json\/wp\/v2\/users\/1"}],"replies":[{"embeddable":true,"href":"https:\/\/www.anticotiroavolo.com\/en\/wp-json\/wp\/v2\/comments?post=2017"}],"version-history":[{"count":1,"href":"https:\/\/www.anticotiroavolo.com\/en\/wp-json\/wp\/v2\/posts\/2017\/revisions"}],"predecessor-version":[{"id":7770,"href":"https:\/\/www.anticotiroavolo.com\/en\/wp-json\/wp\/v2\/posts\/2017\/revisions\/7770"}],"wp:featuredmedia":[{"embeddable":true,"href":"https:\/\/www.anticotiroavolo.com\/en\/wp-json\/wp\/v2\/media\/7768"}],"wp:attachment":[{"href":"https:\/\/www.anticotiroavolo.com\/en\/wp-json\/wp\/v2\/media?parent=2017"}],"wp:term":[{"taxonomy":"category","embeddable":true,"href":"https:\/\/www.anticotiroavolo.com\/en\/wp-json\/wp\/v2\/categories?post=2017"},{"taxonomy":"post_tag","embeddable":true,"href":"https:\/\/www.anticotiroavolo.com\/en\/wp-json\/wp\/v2\/tags?post=2017"}],"curies":[{"name":"wp","href":"https:\/\/api.w.org\/{rel}","templated":true}]}}